{"id":107,"count":18,"description":"","link":"https:\/\/www.biodiversite.net\/en\/nouvelles\/group-activities\/preschool\/","name":"Preschool","slug":"preschool","taxonomy":"category","parent":102,"meta":[],"acf":[],"yoast_head":"<!-- This site is optimized with the Yoast SEO plugin v27.5 - https:\/\/yoast.com\/product\/yoast-seo-wordpress\/ -->\n<title>Preschool - Mus\u00e9e de la biodiversit\u00e9 du Qu\u00e9bec<\/title>\n<meta name=\"robots\" content=\"index, follow, max-snippet:-1, max-image-preview:large, max-video-preview:-1\" \/>\n<link rel=\"canonical\" href=\"https:\/\/www.biodiversite.net\/en\/nouvelles\/group-activities\/preschool\/\" \/>\n<meta property=\"og:locale\" content=\"en_US\" \/>\n<meta property=\"og:type\" content=\"article\" \/>\n<meta property=\"og:title\" content=\"Preschool - Mus\u00e9e de la biodiversit\u00e9 du Qu\u00e9bec\" \/>\n<meta property=\"og:url\" content=\"https:\/\/www.biodiversite.net\/en\/nouvelles\/group-activities\/preschool\/\" \/>\n<meta property=\"og:site_name\" content=\"Mus\u00e9e de la biodiversit\u00e9 du Qu\u00e9bec\" \/>\n<meta property=\"og:image\" content=\"https:\/\/www.biodiversite.net\/wp-content\/uploads\/2022\/04\/Musee-de-la-bio.jpg\" \/>\n\t<meta property=\"og:image:width\" content=\"1200\" \/>\n\t<meta property=\"og:image:height\" content=\"630\" \/>\n\t<meta property=\"og:image:type\" content=\"image\/jpeg\" \/>\n<meta name=\"twitter:card\" content=\"summary_large_image\" \/>\n<script type=\"application\/ld+json\" class=\"yoast-schema-graph\">{\"@context\":\"https:\\\/\\\/schema.org\",\"@graph\":[{\"@type\":\"CollectionPage\",\"@id\":\"https:\\\/\\\/www.biodiversite.net\\\/en\\\/nouvelles\\\/group-activities\\\/preschool\\\/\",\"url\":\"https:\\\/\\\/www.biodiversite.net\\\/en\\\/nouvelles\\\/group-activities\\\/preschool\\\/\",\"name\":\"Preschool - Mus\u00e9e de la biodiversit\u00e9 du Qu\u00e9bec\",\"isPartOf\":{\"@id\":\"https:\\\/\\\/www.biodiversite.net\\\/en\\\/#website\"},\"breadcrumb\":{\"@id\":\"https:\\\/\\\/www.biodiversite.net\\\/en\\\/nouvelles\\\/group-activities\\\/preschool\\\/#breadcrumb\"},\"inLanguage\":\"en-US\"},{\"@type\":\"BreadcrumbList\",\"@id\":\"https:\\\/\\\/www.biodiversite.net\\\/en\\\/nouvelles\\\/group-activities\\\/preschool\\\/#breadcrumb\",\"itemListElement\":[{\"@type\":\"ListItem\",\"position\":1,\"name\":\"Home\",\"item\":\"https:\\\/\\\/www.biodiversite.net\\\/en\\\/\"},{\"@type\":\"ListItem\",\"position\":2,\"name\":\"Group activities\",\"item\":\"https:\\\/\\\/www.biodiversite.net\\\/en\\\/nouvelles\\\/group-activities\\\/\"},{\"@type\":\"ListItem\",\"position\":3,\"name\":\"Preschool\"}]},{\"@type\":\"WebSite\",\"@id\":\"https:\\\/\\\/www.biodiversite.net\\\/en\\\/#website\",\"url\":\"https:\\\/\\\/www.biodiversite.net\\\/en\\\/\",\"name\":\"Mus\u00e9e de la biodiversit\u00e9 du Qu\u00e9bec\",\"description\":\"Centre d&#039;interpr\u00e9tation sur les esp\u00e8ces animales et la nature\",\"publisher\":{\"@id\":\"https:\\\/\\\/www.biodiversite.net\\\/en\\\/#organization\"},\"potentialAction\":[{\"@type\":\"SearchAction\",\"target\":{\"@type\":\"EntryPoint\",\"urlTemplate\":\"https:\\\/\\\/www.biodiversite.net\\\/en\\\/?s={search_term_string}\"},\"query-input\":{\"@type\":\"PropertyValueSpecification\",\"valueRequired\":true,\"valueName\":\"search_term_string\"}}],\"inLanguage\":\"en-US\"},{\"@type\":\"Organization\",\"@id\":\"https:\\\/\\\/www.biodiversite.net\\\/en\\\/#organization\",\"name\":\"Mus\u00e9e de la biodiversit\u00e9 du Qu\u00e9bec\",\"url\":\"https:\\\/\\\/www.biodiversite.net\\\/en\\\/\",\"logo\":{\"@type\":\"ImageObject\",\"inLanguage\":\"en-US\",\"@id\":\"https:\\\/\\\/www.biodiversite.net\\\/en\\\/#\\\/schema\\\/logo\\\/image\\\/\",\"url\":\"https:\\\/\\\/www.biodiversite.net\\\/wp-content\\\/uploads\\\/2021\\\/05\\\/Biodiversite_logo_final_Couleur_blanc.png\",\"contentUrl\":\"https:\\\/\\\/www.biodiversite.net\\\/wp-content\\\/uploads\\\/2021\\\/05\\\/Biodiversite_logo_final_Couleur_blanc.png\",\"width\":700,\"height\":535,\"caption\":\"Mus\u00e9e de la biodiversit\u00e9 du Qu\u00e9bec\"},\"image\":{\"@id\":\"https:\\\/\\\/www.biodiversite.net\\\/en\\\/#\\\/schema\\\/logo\\\/image\\\/\"}}]}<\/script>\n<!-- \/ Yoast SEO plugin. -->","yoast_head_json":{"title":"Preschool - Mus\u00e9e de la biodiversit\u00e9 du Qu\u00e9bec","robots":{"index":"index","follow":"follow","max-snippet":"max-snippet:-1","max-image-preview":"max-image-preview:large","max-video-preview":"max-video-preview:-1"},"canonical":"https:\/\/www.biodiversite.net\/en\/nouvelles\/group-activities\/preschool\/","og_locale":"en_US","og_type":"article","og_title":"Preschool - Mus\u00e9e de la biodiversit\u00e9 du Qu\u00e9bec","og_url":"https:\/\/www.biodiversite.net\/en\/nouvelles\/group-activities\/preschool\/","og_site_name":"Mus\u00e9e de la biodiversit\u00e9 du Qu\u00e9bec","og_image":[{"width":1200,"height":630,"url":"https:\/\/www.biodiversite.net\/wp-content\/uploads\/2022\/04\/Musee-de-la-bio.jpg","type":"image\/jpeg"}],"twitter_card":"summary_large_image","schema":{"@context":"https:\/\/schema.org","@graph":[{"@type":"CollectionPage","@id":"https:\/\/www.biodiversite.net\/en\/nouvelles\/group-activities\/preschool\/","url":"https:\/\/www.biodiversite.net\/en\/nouvelles\/group-activities\/preschool\/","name":"Preschool - Mus\u00e9e de la biodiversit\u00e9 du Qu\u00e9bec","isPartOf":{"@id":"https:\/\/www.biodiversite.net\/en\/#website"},"breadcrumb":{"@id":"https:\/\/www.biodiversite.net\/en\/nouvelles\/group-activities\/preschool\/#breadcrumb"},"inLanguage":"en-US"},{"@type":"BreadcrumbList","@id":"https:\/\/www.biodiversite.net\/en\/nouvelles\/group-activities\/preschool\/#breadcrumb","itemListElement":[{"@type":"ListItem","position":1,"name":"Home","item":"https:\/\/www.biodiversite.net\/en\/"},{"@type":"ListItem","position":2,"name":"Group activities","item":"https:\/\/www.biodiversite.net\/en\/nouvelles\/group-activities\/"},{"@type":"ListItem","position":3,"name":"Preschool"}]},{"@type":"WebSite","@id":"https:\/\/www.biodiversite.net\/en\/#website","url":"https:\/\/www.biodiversite.net\/en\/","name":"Mus\u00e9e de la biodiversit\u00e9 du Qu\u00e9bec","description":"Centre d&#039;interpr\u00e9tation sur les esp\u00e8ces animales et la nature","publisher":{"@id":"https:\/\/www.biodiversite.net\/en\/#organization"},"potentialAction":[{"@type":"SearchAction","target":{"@type":"EntryPoint","urlTemplate":"https:\/\/www.biodiversite.net\/en\/?s={search_term_string}"},"query-input":{"@type":"PropertyValueSpecification","valueRequired":true,"valueName":"search_term_string"}}],"inLanguage":"en-US"},{"@type":"Organization","@id":"https:\/\/www.biodiversite.net\/en\/#organization","name":"Mus\u00e9e de la biodiversit\u00e9 du Qu\u00e9bec","url":"https:\/\/www.biodiversite.net\/en\/","logo":{"@type":"ImageObject","inLanguage":"en-US","@id":"https:\/\/www.biodiversite.net\/en\/#\/schema\/logo\/image\/","url":"https:\/\/www.biodiversite.net\/wp-content\/uploads\/2021\/05\/Biodiversite_logo_final_Couleur_blanc.png","contentUrl":"https:\/\/www.biodiversite.net\/wp-content\/uploads\/2021\/05\/Biodiversite_logo_final_Couleur_blanc.png","width":700,"height":535,"caption":"Mus\u00e9e de la biodiversit\u00e9 du Qu\u00e9bec"},"image":{"@id":"https:\/\/www.biodiversite.net\/en\/#\/schema\/logo\/image\/"}}]}},"_links":{"self":[{"href":"https:\/\/www.biodiversite.net\/en\/wp-json\/wp\/v2\/categories\/107","targetHints":{"allow":["GET"]}}],"collection":[{"href":"https:\/\/www.biodiversite.net\/en\/wp-json\/wp\/v2\/categories"}],"about":[{"href":"https:\/\/www.biodiversite.net\/en\/wp-json\/wp\/v2\/taxonomies\/category"}],"up":[{"embeddable":true,"href":"https:\/\/www.biodiversite.net\/en\/wp-json\/wp\/v2\/categories\/102"}],"wp:post_type":[{"href":"https:\/\/www.biodiversite.net\/en\/wp-json\/wp\/v2\/posts?categories=107"},{"href":"https:\/\/www.biodiversite.net\/en\/wp-json\/wp\/v2\/horaires_et_tarifs?categories=107"},{"href":"https:\/\/www.biodiversite.net\/en\/wp-json\/wp\/v2\/activites_de_groupe?categories=107"}],"curies":[{"name":"wp","href":"https:\/\/api.w.org\/{rel}","templated":true}]}}